{"id":3661,"date":"2023-12-20T14:40:50","date_gmt":"2023-12-20T13:40:50","guid":{"rendered":"https:\/\/www.bachmann-kunststoff-verpackungen.ch\/wir-sind-gruendungmitglied-von-recypac\/"},"modified":"2024-02-21T09:54:32","modified_gmt":"2024-02-21T08:54:32","slug":"wir-sind-gruendungmitglied-von-recypac","status":"publish","type":"post","link":"https:\/\/www.bachmann-kunststoff-verpackungen.ch\/en\/wir-sind-gruendungmitglied-von-recypac\/","title":{"rendered":"Stolzes Gr\u00fcndungmitglied von Recypac"},"content":{"rendered":"<p>&nbsp;<\/p>\n<p>Am Donnerstag, 30.11.23 wurde ein Meilenstein bei der Umsetzung der Kreislaufwirtschaft Schweiz erreicht (Projekt Sammlung 2025) \u2013 BACHMANN GROUP ist stolzes Gr\u00fcndungsmitglied.\u00a0 F\u00fcr die Umsetzung einer Kreislaufwirtschaft von Kunststoffverpackungen und Getr\u00e4nkekartons gr\u00fcndeten Produzenten und Akteure der Wertsch\u00f6pfungskette den neuen Verein www.RecyPac.ch. Er verfolgt das Ziel, eine harmonisierte und fl\u00e4chendeckende Sammlung und Verwertung der Kunststoffverpackungen (ausser PET-Getr\u00e4nkeflaschen) und Getr\u00e4nkekartons in der Schweiz zu etablieren. Als teilnehmender Verpackungsproduzent passt Recypac perfekt zu unserer Vision \u00abcircular by 2025\u00bb.<\/p>\n<p>Die Wiederverwertung:<\/p>\n<ul>\n<li>schont Ressource<\/li>\n<li>spart Energie<\/li>\n<li>reduziert Treibhausgasemissionen<\/li>\n<li>schafft Sekund\u00e4r-Rohstoffe<\/li>\n<li>f\u00f6rdert Kreislaufwirtschaft Schweiz.<\/li>\n<\/ul>\n<p>Ziel 2030: Recyclingquoten von 55% f\u00fcr Kunststoffe \/ 70% f\u00fcr Getr\u00e4nkekartons (analog EU) Die neue Organisation setzt sich, wie die EU, bis 2030 hohe Ziele in allen Bereichen der Nachhaltigkeit (Umwelt, Wirtschaft, Gesellschaft) und \u00fcberpr\u00fcft diese laufend mit einem umfassenden, transparenten Zielsystem.<br \/>\nBis 2030 soll ein effizientes Recycling-System aufgebaut und Recyclingquoten von 55% f\u00fcr Kunststoffe sowie 70% bei Getr\u00e4nkekartons erreicht werden. Das System ist offen f\u00fcr Innovationen und Entwicklungen im In- und Ausland und strebt eine stetige Optimierung an.<\/p>\n<p>Freiwillige Schweizer Branchenl\u00f6sung mit ganzer Wertsch\u00f6pfungskette<br \/>\nEs handelt sich dabei um eine Branchenl\u00f6sung auf freiwilliger Basis. Alle Beteiligten der Prozesskette, angefangen von den Verpackungsherstellern \u00fcber Markenhersteller, den Einzelhandel, den Gemeinden bis hin zu den Recyclern, werden in den Prozess eingebunden, sodass ein effektives und effizientes Recycling erm\u00f6glicht wird. Das heisst, die Etablierung von Sammel- und Recyclingkan\u00e4len soll Hand in Hand mit der Erh\u00f6hung der Rezyklierbarkeit von Produkten gehen, so dass Kreisl\u00e4ufe ganzheitlich geschlossen werden. Der neu gegr\u00fcndete Verein koordiniert k\u00fcnftig diese Sammlung und Verwertung.<\/p>\n<p>N\u00e4chster Schritte ist das national koordinierte Sammelsystem.<br \/>\nIm Verlaufe des Jahres 2024 wird die national koordinierte Sammlung von Kunststoffverpackungen und Getr\u00e4nkekartons aufgegleist: Dabei sollen sowohl Detailh\u00e4ndler als auch Gemeinden, St\u00e4dte, Verb\u00e4nde und Private bei der Sammlung noch verst\u00e4rkter zusammenarbeiten. In einem kostenpflichtigen, nationalen Sack werden alle Kunststoffverpackungen (exkl. PET-Getr\u00e4nkeflaschen) und Getr\u00e4nkekartons gesammelt und zur Sammelstelle zur\u00fcckgebracht. Zus\u00e4tzlich wird das System von den Inverkehrbringern \u00fcber einen Systembeitrag mitfinanziert. Eine Weiterentwicklung der Finanzierung hin zum vorgezogenen Recyclingbeitrag zur Steigerung der Sammelquoten ist angestrebt.<\/p>\n<p>&nbsp;<\/p>\n","protected":false},"excerpt":{"rendered":"<p>&nbsp; Am Donnerstag, 30.11.23 wurde ein Meilenstein bei der Umsetzung der Kreislaufwirtschaft Schweiz erreicht (Projekt Sammlung 2025) \u2013 BACHMANN GROUP ist stolzes Gr\u00fcndungsmitglied.\u00a0 F\u00fcr die Umsetzung einer Kreislaufwirtschaft von Kunststoffverpackungen und Getr\u00e4nkekartons gr\u00fcndeten Produzenten und Akteure der Wertsch\u00f6pfungskette den neuen Verein www.RecyPac.ch. Er verfolgt das Ziel, eine harmonisierte und fl\u00e4chendeckende Sammlung und Verwertung der Kunststoffverpackungen [&hellip;]<\/p>\n","protected":false},"author":10,"featured_media":3594,"comment_status":"closed","ping_status":"closed","sticky":false,"template":"","format":"standard","meta":{"footnotes":""},"categories":[4],"class_list":["post-3661","post","type-post","status-publish","format-standard","has-post-thumbnail","hentry","category-uncategorized"],"yoast_head":"<!-- This site is optimized with the Yoast SEO plugin v25.9 - https:\/\/yoast.com\/wordpress\/plugins\/seo\/ -->\n<title>Stolzes Gr\u00fcndungmitglied von Recypac - BACHMANN FORMING AG<\/title>\n<meta name=\"robots\" content=\"index, follow, max-snippet:-1, max-image-preview:large, max-video-preview:-1\" \/>\n<link rel=\"canonical\" href=\"https:\/\/www.bachmann-kunststoff-verpackungen.ch\/en\/wir-sind-gruendungmitglied-von-recypac\/\" \/>\n<meta property=\"og:locale\" content=\"en_US\" \/>\n<meta property=\"og:type\" content=\"article\" \/>\n<meta property=\"og:title\" content=\"Stolzes Gr\u00fcndungmitglied von Recypac - BACHMANN FORMING AG\" \/>\n<meta property=\"og:description\" content=\"&nbsp; Am Donnerstag, 30.11.23 wurde ein Meilenstein bei der Umsetzung der Kreislaufwirtschaft Schweiz erreicht (Projekt Sammlung 2025) \u2013 BACHMANN GROUP ist stolzes Gr\u00fcndungsmitglied.\u00a0 F\u00fcr die Umsetzung einer Kreislaufwirtschaft von Kunststoffverpackungen und Getr\u00e4nkekartons gr\u00fcndeten Produzenten und Akteure der Wertsch\u00f6pfungskette den neuen Verein www.RecyPac.ch. Er verfolgt das Ziel, eine harmonisierte und fl\u00e4chendeckende Sammlung und Verwertung der Kunststoffverpackungen [&hellip;]\" \/>\n<meta property=\"og:url\" content=\"https:\/\/www.bachmann-kunststoff-verpackungen.ch\/en\/wir-sind-gruendungmitglied-von-recypac\/\" \/>\n<meta property=\"og:site_name\" content=\"BACHMANN FORMING AG\" \/>\n<meta property=\"article:published_time\" content=\"2023-12-20T13:40:50+00:00\" \/>\n<meta property=\"article:modified_time\" content=\"2024-02-21T08:54:32+00:00\" \/>\n<meta property=\"og:image\" content=\"https:\/\/www.bachmann-kunststoff-verpackungen.ch\/wp-content\/uploads\/sites\/2\/2023-12-20-14_40_16-BACHMANN-bei-RecyPac-Neue-Organisation-aus-Sammlung-2025.pdf-Adobe-Acrobat-R.png\" \/>\n\t<meta property=\"og:image:width\" content=\"598\" \/>\n\t<meta property=\"og:image:height\" content=\"361\" \/>\n\t<meta property=\"og:image:type\" content=\"image\/png\" \/>\n<meta name=\"author\" content=\"fabiennegrida\" \/>\n<meta name=\"twitter:card\" content=\"summary_large_image\" \/>\n<meta name=\"twitter:label1\" content=\"Written by\" \/>\n\t<meta name=\"twitter:data1\" content=\"fabiennegrida\" \/>\n\t<meta name=\"twitter:label2\" content=\"Est. reading time\" \/>\n\t<meta name=\"twitter:data2\" content=\"2 minutes\" \/>\n<script type=\"application\/ld+json\" class=\"yoast-schema-graph\">{\"@context\":\"https:\/\/schema.org\",\"@graph\":[{\"@type\":\"WebPage\",\"@id\":\"https:\/\/www.bachmann-kunststoff-verpackungen.ch\/en\/wir-sind-gruendungmitglied-von-recypac\/\",\"url\":\"https:\/\/www.bachmann-kunststoff-verpackungen.ch\/en\/wir-sind-gruendungmitglied-von-recypac\/\",\"name\":\"Stolzes Gr\u00fcndungmitglied von Recypac - BACHMANN FORMING AG\",\"isPartOf\":{\"@id\":\"https:\/\/www.bachmann-kunststoff-verpackungen.ch\/#website\"},\"primaryImageOfPage\":{\"@id\":\"https:\/\/www.bachmann-kunststoff-verpackungen.ch\/en\/wir-sind-gruendungmitglied-von-recypac\/#primaryimage\"},\"image\":{\"@id\":\"https:\/\/www.bachmann-kunststoff-verpackungen.ch\/en\/wir-sind-gruendungmitglied-von-recypac\/#primaryimage\"},\"thumbnailUrl\":\"https:\/\/www.bachmann-kunststoff-verpackungen.ch\/wp-content\/uploads\/sites\/2\/2023-12-20-14_40_16-BACHMANN-bei-RecyPac-Neue-Organisation-aus-Sammlung-2025.pdf-Adobe-Acrobat-R.png\",\"datePublished\":\"2023-12-20T13:40:50+00:00\",\"dateModified\":\"2024-02-21T08:54:32+00:00\",\"author\":{\"@id\":\"https:\/\/www.bachmann-kunststoff-verpackungen.ch\/#\/schema\/person\/ab7df28c8b080de191c7ff34055ea2ad\"},\"breadcrumb\":{\"@id\":\"https:\/\/www.bachmann-kunststoff-verpackungen.ch\/en\/wir-sind-gruendungmitglied-von-recypac\/#breadcrumb\"},\"inLanguage\":\"en-US\",\"potentialAction\":[{\"@type\":\"ReadAction\",\"target\":[\"https:\/\/www.bachmann-kunststoff-verpackungen.ch\/en\/wir-sind-gruendungmitglied-von-recypac\/\"]}]},{\"@type\":\"ImageObject\",\"inLanguage\":\"en-US\",\"@id\":\"https:\/\/www.bachmann-kunststoff-verpackungen.ch\/en\/wir-sind-gruendungmitglied-von-recypac\/#primaryimage\",\"url\":\"https:\/\/www.bachmann-kunststoff-verpackungen.ch\/wp-content\/uploads\/sites\/2\/2023-12-20-14_40_16-BACHMANN-bei-RecyPac-Neue-Organisation-aus-Sammlung-2025.pdf-Adobe-Acrobat-R.png\",\"contentUrl\":\"https:\/\/www.bachmann-kunststoff-verpackungen.ch\/wp-content\/uploads\/sites\/2\/2023-12-20-14_40_16-BACHMANN-bei-RecyPac-Neue-Organisation-aus-Sammlung-2025.pdf-Adobe-Acrobat-R.png\",\"width\":598,\"height\":361},{\"@type\":\"BreadcrumbList\",\"@id\":\"https:\/\/www.bachmann-kunststoff-verpackungen.ch\/en\/wir-sind-gruendungmitglied-von-recypac\/#breadcrumb\",\"itemListElement\":[{\"@type\":\"ListItem\",\"position\":1,\"name\":\"Home\",\"item\":\"https:\/\/www.bachmann-kunststoff-verpackungen.ch\/en\/\"},{\"@type\":\"ListItem\",\"position\":2,\"name\":\"Stolzes Gr\u00fcndungmitglied von Recypac\"}]},{\"@type\":\"WebSite\",\"@id\":\"https:\/\/www.bachmann-kunststoff-verpackungen.ch\/#website\",\"url\":\"https:\/\/www.bachmann-kunststoff-verpackungen.ch\/\",\"name\":\"BACHMANN FORMING AG\",\"description\":\"\",\"potentialAction\":[{\"@type\":\"SearchAction\",\"target\":{\"@type\":\"EntryPoint\",\"urlTemplate\":\"https:\/\/www.bachmann-kunststoff-verpackungen.ch\/?s={search_term_string}\"},\"query-input\":{\"@type\":\"PropertyValueSpecification\",\"valueRequired\":true,\"valueName\":\"search_term_string\"}}],\"inLanguage\":\"en-US\"},{\"@type\":\"Person\",\"@id\":\"https:\/\/www.bachmann-kunststoff-verpackungen.ch\/#\/schema\/person\/ab7df28c8b080de191c7ff34055ea2ad\",\"name\":\"fabiennegrida\",\"image\":{\"@type\":\"ImageObject\",\"inLanguage\":\"en-US\",\"@id\":\"https:\/\/www.bachmann-kunststoff-verpackungen.ch\/#\/schema\/person\/image\/\",\"url\":\"https:\/\/secure.gravatar.com\/avatar\/ef15350aff5d372025f08fbbb0416cef6d17ccceb030e2c23aca21cd1dd2c41a?s=96&d=mm&r=g\",\"contentUrl\":\"https:\/\/secure.gravatar.com\/avatar\/ef15350aff5d372025f08fbbb0416cef6d17ccceb030e2c23aca21cd1dd2c41a?s=96&d=mm&r=g\",\"caption\":\"fabiennegrida\"},\"url\":\"https:\/\/www.bachmann-kunststoff-verpackungen.ch\/en\/author\/fabiennegrida\/\"}]}<\/script>\n<!-- \/ Yoast SEO plugin. -->","yoast_head_json":{"title":"Stolzes Gr\u00fcndungmitglied von Recypac - BACHMANN FORMING AG","robots":{"index":"index","follow":"follow","max-snippet":"max-snippet:-1","max-image-preview":"max-image-preview:large","max-video-preview":"max-video-preview:-1"},"canonical":"https:\/\/www.bachmann-kunststoff-verpackungen.ch\/en\/wir-sind-gruendungmitglied-von-recypac\/","og_locale":"en_US","og_type":"article","og_title":"Stolzes Gr\u00fcndungmitglied von Recypac - BACHMANN FORMING AG","og_description":"&nbsp; Am Donnerstag, 30.11.23 wurde ein Meilenstein bei der Umsetzung der Kreislaufwirtschaft Schweiz erreicht (Projekt Sammlung 2025) \u2013 BACHMANN GROUP ist stolzes Gr\u00fcndungsmitglied.\u00a0 F\u00fcr die Umsetzung einer Kreislaufwirtschaft von Kunststoffverpackungen und Getr\u00e4nkekartons gr\u00fcndeten Produzenten und Akteure der Wertsch\u00f6pfungskette den neuen Verein www.RecyPac.ch. Er verfolgt das Ziel, eine harmonisierte und fl\u00e4chendeckende Sammlung und Verwertung der Kunststoffverpackungen [&hellip;]","og_url":"https:\/\/www.bachmann-kunststoff-verpackungen.ch\/en\/wir-sind-gruendungmitglied-von-recypac\/","og_site_name":"BACHMANN FORMING AG","article_published_time":"2023-12-20T13:40:50+00:00","article_modified_time":"2024-02-21T08:54:32+00:00","og_image":[{"width":598,"height":361,"url":"https:\/\/www.bachmann-kunststoff-verpackungen.ch\/wp-content\/uploads\/sites\/2\/2023-12-20-14_40_16-BACHMANN-bei-RecyPac-Neue-Organisation-aus-Sammlung-2025.pdf-Adobe-Acrobat-R.png","type":"image\/png"}],"author":"fabiennegrida","twitter_card":"summary_large_image","twitter_misc":{"Written by":"fabiennegrida","Est. reading time":"2 minutes"},"schema":{"@context":"https:\/\/schema.org","@graph":[{"@type":"WebPage","@id":"https:\/\/www.bachmann-kunststoff-verpackungen.ch\/en\/wir-sind-gruendungmitglied-von-recypac\/","url":"https:\/\/www.bachmann-kunststoff-verpackungen.ch\/en\/wir-sind-gruendungmitglied-von-recypac\/","name":"Stolzes Gr\u00fcndungmitglied von Recypac - BACHMANN FORMING AG","isPartOf":{"@id":"https:\/\/www.bachmann-kunststoff-verpackungen.ch\/#website"},"primaryImageOfPage":{"@id":"https:\/\/www.bachmann-kunststoff-verpackungen.ch\/en\/wir-sind-gruendungmitglied-von-recypac\/#primaryimage"},"image":{"@id":"https:\/\/www.bachmann-kunststoff-verpackungen.ch\/en\/wir-sind-gruendungmitglied-von-recypac\/#primaryimage"},"thumbnailUrl":"https:\/\/www.bachmann-kunststoff-verpackungen.ch\/wp-content\/uploads\/sites\/2\/2023-12-20-14_40_16-BACHMANN-bei-RecyPac-Neue-Organisation-aus-Sammlung-2025.pdf-Adobe-Acrobat-R.png","datePublished":"2023-12-20T13:40:50+00:00","dateModified":"2024-02-21T08:54:32+00:00","author":{"@id":"https:\/\/www.bachmann-kunststoff-verpackungen.ch\/#\/schema\/person\/ab7df28c8b080de191c7ff34055ea2ad"},"breadcrumb":{"@id":"https:\/\/www.bachmann-kunststoff-verpackungen.ch\/en\/wir-sind-gruendungmitglied-von-recypac\/#breadcrumb"},"inLanguage":"en-US","potentialAction":[{"@type":"ReadAction","target":["https:\/\/www.bachmann-kunststoff-verpackungen.ch\/en\/wir-sind-gruendungmitglied-von-recypac\/"]}]},{"@type":"ImageObject","inLanguage":"en-US","@id":"https:\/\/www.bachmann-kunststoff-verpackungen.ch\/en\/wir-sind-gruendungmitglied-von-recypac\/#primaryimage","url":"https:\/\/www.bachmann-kunststoff-verpackungen.ch\/wp-content\/uploads\/sites\/2\/2023-12-20-14_40_16-BACHMANN-bei-RecyPac-Neue-Organisation-aus-Sammlung-2025.pdf-Adobe-Acrobat-R.png","contentUrl":"https:\/\/www.bachmann-kunststoff-verpackungen.ch\/wp-content\/uploads\/sites\/2\/2023-12-20-14_40_16-BACHMANN-bei-RecyPac-Neue-Organisation-aus-Sammlung-2025.pdf-Adobe-Acrobat-R.png","width":598,"height":361},{"@type":"BreadcrumbList","@id":"https:\/\/www.bachmann-kunststoff-verpackungen.ch\/en\/wir-sind-gruendungmitglied-von-recypac\/#breadcrumb","itemListElement":[{"@type":"ListItem","position":1,"name":"Home","item":"https:\/\/www.bachmann-kunststoff-verpackungen.ch\/en\/"},{"@type":"ListItem","position":2,"name":"Stolzes Gr\u00fcndungmitglied von Recypac"}]},{"@type":"WebSite","@id":"https:\/\/www.bachmann-kunststoff-verpackungen.ch\/#website","url":"https:\/\/www.bachmann-kunststoff-verpackungen.ch\/","name":"BACHMANN FORMING AG","description":"","potentialAction":[{"@type":"SearchAction","target":{"@type":"EntryPoint","urlTemplate":"https:\/\/www.bachmann-kunststoff-verpackungen.ch\/?s={search_term_string}"},"query-input":{"@type":"PropertyValueSpecification","valueRequired":true,"valueName":"search_term_string"}}],"inLanguage":"en-US"},{"@type":"Person","@id":"https:\/\/www.bachmann-kunststoff-verpackungen.ch\/#\/schema\/person\/ab7df28c8b080de191c7ff34055ea2ad","name":"fabiennegrida","image":{"@type":"ImageObject","inLanguage":"en-US","@id":"https:\/\/www.bachmann-kunststoff-verpackungen.ch\/#\/schema\/person\/image\/","url":"https:\/\/secure.gravatar.com\/avatar\/ef15350aff5d372025f08fbbb0416cef6d17ccceb030e2c23aca21cd1dd2c41a?s=96&d=mm&r=g","contentUrl":"https:\/\/secure.gravatar.com\/avatar\/ef15350aff5d372025f08fbbb0416cef6d17ccceb030e2c23aca21cd1dd2c41a?s=96&d=mm&r=g","caption":"fabiennegrida"},"url":"https:\/\/www.bachmann-kunststoff-verpackungen.ch\/en\/author\/fabiennegrida\/"}]}},"_links":{"self":[{"href":"https:\/\/www.bachmann-kunststoff-verpackungen.ch\/en\/wp-json\/wp\/v2\/posts\/3661","targetHints":{"allow":["GET"]}}],"collection":[{"href":"https:\/\/www.bachmann-kunststoff-verpackungen.ch\/en\/wp-json\/wp\/v2\/posts"}],"about":[{"href":"https:\/\/www.bachmann-kunststoff-verpackungen.ch\/en\/wp-json\/wp\/v2\/types\/post"}],"author":[{"embeddable":true,"href":"https:\/\/www.bachmann-kunststoff-verpackungen.ch\/en\/wp-json\/wp\/v2\/users\/10"}],"replies":[{"embeddable":true,"href":"https:\/\/www.bachmann-kunststoff-verpackungen.ch\/en\/wp-json\/wp\/v2\/comments?post=3661"}],"version-history":[{"count":1,"href":"https:\/\/www.bachmann-kunststoff-verpackungen.ch\/en\/wp-json\/wp\/v2\/posts\/3661\/revisions"}],"predecessor-version":[{"id":3663,"href":"https:\/\/www.bachmann-kunststoff-verpackungen.ch\/en\/wp-json\/wp\/v2\/posts\/3661\/revisions\/3663"}],"wp:featuredmedia":[{"embeddable":true,"href":"https:\/\/www.bachmann-kunststoff-verpackungen.ch\/en\/wp-json\/wp\/v2\/media\/3594"}],"wp:attachment":[{"href":"https:\/\/www.bachmann-kunststoff-verpackungen.ch\/en\/wp-json\/wp\/v2\/media?parent=3661"}],"wp:term":[{"taxonomy":"category","embeddable":true,"href":"https:\/\/www.bachmann-kunststoff-verpackungen.ch\/en\/wp-json\/wp\/v2\/categories?post=3661"}],"curies":[{"name":"wp","href":"https:\/\/api.w.org\/{rel}","templated":true}]}}