{"id":3820,"date":"2024-10-09T08:34:08","date_gmt":"2024-10-09T06:34:08","guid":{"rendered":"https:\/\/www.bachmann-kunststoff-verpackungen.ch\/?p=3820"},"modified":"2024-10-09T08:34:08","modified_gmt":"2024-10-09T06:34:08","slug":"swiss-packaging-award-wir-sind-nominiert","status":"publish","type":"post","link":"https:\/\/www.bachmann-kunststoff-verpackungen.ch\/en\/swiss-packaging-award-wir-sind-nominiert\/","title":{"rendered":"Swiss Packaging Award: Wir sind nominiert!"},"content":{"rendered":"<p>Unsere beiden Anmeldungen f\u00fcr den Swiss Packaging Award 2024 wurden nominiert.<\/p>\n<p>&nbsp;<\/p>\n<h4 id=\"title-247012d5-d99e-42c8-a61c-94a6e2944041\" class=\"projectOverview__title\">PET-L\u00f6sung f\u00fcr Verschl\u00fcsse und Kappen<\/h4>\n<p>Der PET-Verschluss repr\u00e4sentiert einen Durchbruch in der nachhaltigen Verpackungstechnologie. Die PET-Verschl\u00fcsse sind vollst\u00e4ndig recyclingf\u00e4hig und verbessern die Kreislauff\u00e4higkeit, indem sie &#8220;Mono-Material&#8221;-Beh\u00e4lterkonzepte erm\u00f6glichen. Der leichte Deckel reduziert den Ressourcenverbrauch und erm\u00f6glicht durch eine bessere Barriere eine l\u00e4ngere Haltbarkeit der Produkte. Sie werden voraussichtlich die ersten kommerziell nutzbaren PET-Verschl\u00fcsse auf dem Massenmarkt sein. <a href=\"https:\/\/www.bachmann-kunststoff-verpackungen.ch\/wp-content\/uploads\/sites\/2\/Medienmitteilung-Origin-BACHMANN.pdf\">Lesen Sie dazu mehr.<\/a><\/p>\n<p><img loading=\"lazy\" decoding=\"async\" class=\"alignnone size-medium wp-image-3778\" src=\"https:\/\/www.bachmann-kunststoff-verpackungen.ch\/wp-content\/uploads\/sites\/2\/\/PET-Caps-300x197.jpg\" alt=\"\" width=\"300\" height=\"197\" srcset=\"https:\/\/www.bachmann-kunststoff-verpackungen.ch\/wp-content\/uploads\/sites\/2\/PET-Caps-300x197.jpg 300w, https:\/\/www.bachmann-kunststoff-verpackungen.ch\/wp-content\/uploads\/sites\/2\/PET-Caps.jpg 710w\" sizes=\"auto, (max-width: 300px) 100vw, 300px\" \/><\/p>\n<h4><\/h4>\n<h4 id=\"title-720b9735-2f89-4918-b575-8060987614a4\" class=\"projectOverview__title\">Sushi Pack &#8211; dry molded fiber<\/h4>\n<p>Dieses neue und innovative Verfahren erm\u00f6glicht die Herstellung von Trays, welche zu 100 % aus Papier bestehen und dank ihrer coolen Holz-Optik zu einem echten Hingucker werden.<\/p>\n<p><img loading=\"lazy\" decoding=\"async\" class=\"alignnone size-medium wp-image-3719\" src=\"https:\/\/www.bachmann-kunststoff-verpackungen.ch\/wp-content\/uploads\/sites\/2\/\/Unbenannt-4-300x194.jpg\" alt=\"\" width=\"300\" height=\"194\" srcset=\"https:\/\/www.bachmann-kunststoff-verpackungen.ch\/wp-content\/uploads\/sites\/2\/Unbenannt-4-300x194.jpg 300w, https:\/\/www.bachmann-kunststoff-verpackungen.ch\/wp-content\/uploads\/sites\/2\/Unbenannt-4.jpg 403w\" sizes=\"auto, (max-width: 300px) 100vw, 300px\" \/><\/p>\n<p>&nbsp;<\/p>\n<p><strong>Wir freuen uns sehr \u00fcber diese Nominationen und warten gespannt auf die Preisverleihung am 17. Oktober 2024 wenn es heisst \u00aband the winner is\u2026\u00bb!<\/strong><\/p>\n","protected":false},"excerpt":{"rendered":"<p>Unsere beiden Anmeldungen f\u00fcr den Swiss Packaging Award 2024 wurden nominiert. &nbsp; PET-L\u00f6sung f\u00fcr Verschl\u00fcsse und Kappen Der PET-Verschluss repr\u00e4sentiert einen Durchbruch in der nachhaltigen Verpackungstechnologie. Die PET-Verschl\u00fcsse sind vollst\u00e4ndig recyclingf\u00e4hig und verbessern die Kreislauff\u00e4higkeit, indem sie &#8220;Mono-Material&#8221;-Beh\u00e4lterkonzepte erm\u00f6glichen. Der leichte Deckel reduziert den Ressourcenverbrauch und erm\u00f6glicht durch eine bessere Barriere eine l\u00e4ngere Haltbarkeit der [&hellip;]<\/p>\n","protected":false},"author":10,"featured_media":3806,"comment_status":"closed","ping_status":"closed","sticky":false,"template":"","format":"standard","meta":{"footnotes":""},"categories":[4],"class_list":["post-3820","post","type-post","status-publish","format-standard","has-post-thumbnail","hentry","category-uncategorized"],"yoast_head":"<!-- This site is optimized with the Yoast SEO plugin v25.9 - https:\/\/yoast.com\/wordpress\/plugins\/seo\/ -->\n<title>Swiss Packaging Award: Wir sind nominiert! - BACHMANN FORMING AG<\/title>\n<meta name=\"robots\" content=\"index, follow, max-snippet:-1, max-image-preview:large, max-video-preview:-1\" \/>\n<link rel=\"canonical\" href=\"https:\/\/www.bachmann-kunststoff-verpackungen.ch\/en\/swiss-packaging-award-wir-sind-nominiert\/\" \/>\n<meta property=\"og:locale\" content=\"en_US\" \/>\n<meta property=\"og:type\" content=\"article\" \/>\n<meta property=\"og:title\" content=\"Swiss Packaging Award: Wir sind nominiert! - BACHMANN FORMING AG\" \/>\n<meta property=\"og:description\" content=\"Unsere beiden Anmeldungen f\u00fcr den Swiss Packaging Award 2024 wurden nominiert. &nbsp; PET-L\u00f6sung f\u00fcr Verschl\u00fcsse und Kappen Der PET-Verschluss repr\u00e4sentiert einen Durchbruch in der nachhaltigen Verpackungstechnologie. Die PET-Verschl\u00fcsse sind vollst\u00e4ndig recyclingf\u00e4hig und verbessern die Kreislauff\u00e4higkeit, indem sie &#8220;Mono-Material&#8221;-Beh\u00e4lterkonzepte erm\u00f6glichen. Der leichte Deckel reduziert den Ressourcenverbrauch und erm\u00f6glicht durch eine bessere Barriere eine l\u00e4ngere Haltbarkeit der [&hellip;]\" \/>\n<meta property=\"og:url\" content=\"https:\/\/www.bachmann-kunststoff-verpackungen.ch\/en\/swiss-packaging-award-wir-sind-nominiert\/\" \/>\n<meta property=\"og:site_name\" content=\"BACHMANN FORMING AG\" \/>\n<meta property=\"article:published_time\" content=\"2024-10-09T06:34:08+00:00\" \/>\n<meta property=\"og:image\" content=\"https:\/\/www.bachmann-kunststoff-verpackungen.ch\/wp-content\/uploads\/sites\/2\/Nominated.jpg\" \/>\n\t<meta property=\"og:image:width\" content=\"406\" \/>\n\t<meta property=\"og:image:height\" content=\"205\" \/>\n\t<meta property=\"og:image:type\" content=\"image\/jpeg\" \/>\n<meta name=\"author\" content=\"fabiennegrida\" \/>\n<meta name=\"twitter:card\" content=\"summary_large_image\" \/>\n<meta name=\"twitter:label1\" content=\"Written by\" \/>\n\t<meta name=\"twitter:data1\" content=\"fabiennegrida\" \/>\n\t<meta name=\"twitter:label2\" content=\"Est. reading time\" \/>\n\t<meta name=\"twitter:data2\" content=\"2 minutes\" \/>\n<script type=\"application\/ld+json\" class=\"yoast-schema-graph\">{\"@context\":\"https:\/\/schema.org\",\"@graph\":[{\"@type\":\"WebPage\",\"@id\":\"https:\/\/www.bachmann-kunststoff-verpackungen.ch\/en\/swiss-packaging-award-wir-sind-nominiert\/\",\"url\":\"https:\/\/www.bachmann-kunststoff-verpackungen.ch\/en\/swiss-packaging-award-wir-sind-nominiert\/\",\"name\":\"Swiss Packaging Award: Wir sind nominiert! - BACHMANN FORMING AG\",\"isPartOf\":{\"@id\":\"https:\/\/www.bachmann-kunststoff-verpackungen.ch\/#website\"},\"primaryImageOfPage\":{\"@id\":\"https:\/\/www.bachmann-kunststoff-verpackungen.ch\/en\/swiss-packaging-award-wir-sind-nominiert\/#primaryimage\"},\"image\":{\"@id\":\"https:\/\/www.bachmann-kunststoff-verpackungen.ch\/en\/swiss-packaging-award-wir-sind-nominiert\/#primaryimage\"},\"thumbnailUrl\":\"https:\/\/www.bachmann-kunststoff-verpackungen.ch\/wp-content\/uploads\/sites\/2\/Nominated.jpg\",\"datePublished\":\"2024-10-09T06:34:08+00:00\",\"author\":{\"@id\":\"https:\/\/www.bachmann-kunststoff-verpackungen.ch\/#\/schema\/person\/ab7df28c8b080de191c7ff34055ea2ad\"},\"breadcrumb\":{\"@id\":\"https:\/\/www.bachmann-kunststoff-verpackungen.ch\/en\/swiss-packaging-award-wir-sind-nominiert\/#breadcrumb\"},\"inLanguage\":\"en-US\",\"potentialAction\":[{\"@type\":\"ReadAction\",\"target\":[\"https:\/\/www.bachmann-kunststoff-verpackungen.ch\/en\/swiss-packaging-award-wir-sind-nominiert\/\"]}]},{\"@type\":\"ImageObject\",\"inLanguage\":\"en-US\",\"@id\":\"https:\/\/www.bachmann-kunststoff-verpackungen.ch\/en\/swiss-packaging-award-wir-sind-nominiert\/#primaryimage\",\"url\":\"https:\/\/www.bachmann-kunststoff-verpackungen.ch\/wp-content\/uploads\/sites\/2\/Nominated.jpg\",\"contentUrl\":\"https:\/\/www.bachmann-kunststoff-verpackungen.ch\/wp-content\/uploads\/sites\/2\/Nominated.jpg\",\"width\":406,\"height\":205},{\"@type\":\"BreadcrumbList\",\"@id\":\"https:\/\/www.bachmann-kunststoff-verpackungen.ch\/en\/swiss-packaging-award-wir-sind-nominiert\/#breadcrumb\",\"itemListElement\":[{\"@type\":\"ListItem\",\"position\":1,\"name\":\"Home\",\"item\":\"https:\/\/www.bachmann-kunststoff-verpackungen.ch\/en\/\"},{\"@type\":\"ListItem\",\"position\":2,\"name\":\"Swiss Packaging Award: Wir sind nominiert!\"}]},{\"@type\":\"WebSite\",\"@id\":\"https:\/\/www.bachmann-kunststoff-verpackungen.ch\/#website\",\"url\":\"https:\/\/www.bachmann-kunststoff-verpackungen.ch\/\",\"name\":\"BACHMANN FORMING AG\",\"description\":\"\",\"potentialAction\":[{\"@type\":\"SearchAction\",\"target\":{\"@type\":\"EntryPoint\",\"urlTemplate\":\"https:\/\/www.bachmann-kunststoff-verpackungen.ch\/?s={search_term_string}\"},\"query-input\":{\"@type\":\"PropertyValueSpecification\",\"valueRequired\":true,\"valueName\":\"search_term_string\"}}],\"inLanguage\":\"en-US\"},{\"@type\":\"Person\",\"@id\":\"https:\/\/www.bachmann-kunststoff-verpackungen.ch\/#\/schema\/person\/ab7df28c8b080de191c7ff34055ea2ad\",\"name\":\"fabiennegrida\",\"image\":{\"@type\":\"ImageObject\",\"inLanguage\":\"en-US\",\"@id\":\"https:\/\/www.bachmann-kunststoff-verpackungen.ch\/#\/schema\/person\/image\/\",\"url\":\"https:\/\/secure.gravatar.com\/avatar\/ef15350aff5d372025f08fbbb0416cef6d17ccceb030e2c23aca21cd1dd2c41a?s=96&d=mm&r=g\",\"contentUrl\":\"https:\/\/secure.gravatar.com\/avatar\/ef15350aff5d372025f08fbbb0416cef6d17ccceb030e2c23aca21cd1dd2c41a?s=96&d=mm&r=g\",\"caption\":\"fabiennegrida\"},\"url\":\"https:\/\/www.bachmann-kunststoff-verpackungen.ch\/en\/author\/fabiennegrida\/\"}]}<\/script>\n<!-- \/ Yoast SEO plugin. -->","yoast_head_json":{"title":"Swiss Packaging Award: Wir sind nominiert! - BACHMANN FORMING AG","robots":{"index":"index","follow":"follow","max-snippet":"max-snippet:-1","max-image-preview":"max-image-preview:large","max-video-preview":"max-video-preview:-1"},"canonical":"https:\/\/www.bachmann-kunststoff-verpackungen.ch\/en\/swiss-packaging-award-wir-sind-nominiert\/","og_locale":"en_US","og_type":"article","og_title":"Swiss Packaging Award: Wir sind nominiert! - BACHMANN FORMING AG","og_description":"Unsere beiden Anmeldungen f\u00fcr den Swiss Packaging Award 2024 wurden nominiert. &nbsp; PET-L\u00f6sung f\u00fcr Verschl\u00fcsse und Kappen Der PET-Verschluss repr\u00e4sentiert einen Durchbruch in der nachhaltigen Verpackungstechnologie. Die PET-Verschl\u00fcsse sind vollst\u00e4ndig recyclingf\u00e4hig und verbessern die Kreislauff\u00e4higkeit, indem sie &#8220;Mono-Material&#8221;-Beh\u00e4lterkonzepte erm\u00f6glichen. Der leichte Deckel reduziert den Ressourcenverbrauch und erm\u00f6glicht durch eine bessere Barriere eine l\u00e4ngere Haltbarkeit der [&hellip;]","og_url":"https:\/\/www.bachmann-kunststoff-verpackungen.ch\/en\/swiss-packaging-award-wir-sind-nominiert\/","og_site_name":"BACHMANN FORMING AG","article_published_time":"2024-10-09T06:34:08+00:00","og_image":[{"width":406,"height":205,"url":"https:\/\/www.bachmann-kunststoff-verpackungen.ch\/wp-content\/uploads\/sites\/2\/Nominated.jpg","type":"image\/jpeg"}],"author":"fabiennegrida","twitter_card":"summary_large_image","twitter_misc":{"Written by":"fabiennegrida","Est. reading time":"2 minutes"},"schema":{"@context":"https:\/\/schema.org","@graph":[{"@type":"WebPage","@id":"https:\/\/www.bachmann-kunststoff-verpackungen.ch\/en\/swiss-packaging-award-wir-sind-nominiert\/","url":"https:\/\/www.bachmann-kunststoff-verpackungen.ch\/en\/swiss-packaging-award-wir-sind-nominiert\/","name":"Swiss Packaging Award: Wir sind nominiert! - BACHMANN FORMING AG","isPartOf":{"@id":"https:\/\/www.bachmann-kunststoff-verpackungen.ch\/#website"},"primaryImageOfPage":{"@id":"https:\/\/www.bachmann-kunststoff-verpackungen.ch\/en\/swiss-packaging-award-wir-sind-nominiert\/#primaryimage"},"image":{"@id":"https:\/\/www.bachmann-kunststoff-verpackungen.ch\/en\/swiss-packaging-award-wir-sind-nominiert\/#primaryimage"},"thumbnailUrl":"https:\/\/www.bachmann-kunststoff-verpackungen.ch\/wp-content\/uploads\/sites\/2\/Nominated.jpg","datePublished":"2024-10-09T06:34:08+00:00","author":{"@id":"https:\/\/www.bachmann-kunststoff-verpackungen.ch\/#\/schema\/person\/ab7df28c8b080de191c7ff34055ea2ad"},"breadcrumb":{"@id":"https:\/\/www.bachmann-kunststoff-verpackungen.ch\/en\/swiss-packaging-award-wir-sind-nominiert\/#breadcrumb"},"inLanguage":"en-US","potentialAction":[{"@type":"ReadAction","target":["https:\/\/www.bachmann-kunststoff-verpackungen.ch\/en\/swiss-packaging-award-wir-sind-nominiert\/"]}]},{"@type":"ImageObject","inLanguage":"en-US","@id":"https:\/\/www.bachmann-kunststoff-verpackungen.ch\/en\/swiss-packaging-award-wir-sind-nominiert\/#primaryimage","url":"https:\/\/www.bachmann-kunststoff-verpackungen.ch\/wp-content\/uploads\/sites\/2\/Nominated.jpg","contentUrl":"https:\/\/www.bachmann-kunststoff-verpackungen.ch\/wp-content\/uploads\/sites\/2\/Nominated.jpg","width":406,"height":205},{"@type":"BreadcrumbList","@id":"https:\/\/www.bachmann-kunststoff-verpackungen.ch\/en\/swiss-packaging-award-wir-sind-nominiert\/#breadcrumb","itemListElement":[{"@type":"ListItem","position":1,"name":"Home","item":"https:\/\/www.bachmann-kunststoff-verpackungen.ch\/en\/"},{"@type":"ListItem","position":2,"name":"Swiss Packaging Award: Wir sind nominiert!"}]},{"@type":"WebSite","@id":"https:\/\/www.bachmann-kunststoff-verpackungen.ch\/#website","url":"https:\/\/www.bachmann-kunststoff-verpackungen.ch\/","name":"BACHMANN FORMING AG","description":"","potentialAction":[{"@type":"SearchAction","target":{"@type":"EntryPoint","urlTemplate":"https:\/\/www.bachmann-kunststoff-verpackungen.ch\/?s={search_term_string}"},"query-input":{"@type":"PropertyValueSpecification","valueRequired":true,"valueName":"search_term_string"}}],"inLanguage":"en-US"},{"@type":"Person","@id":"https:\/\/www.bachmann-kunststoff-verpackungen.ch\/#\/schema\/person\/ab7df28c8b080de191c7ff34055ea2ad","name":"fabiennegrida","image":{"@type":"ImageObject","inLanguage":"en-US","@id":"https:\/\/www.bachmann-kunststoff-verpackungen.ch\/#\/schema\/person\/image\/","url":"https:\/\/secure.gravatar.com\/avatar\/ef15350aff5d372025f08fbbb0416cef6d17ccceb030e2c23aca21cd1dd2c41a?s=96&d=mm&r=g","contentUrl":"https:\/\/secure.gravatar.com\/avatar\/ef15350aff5d372025f08fbbb0416cef6d17ccceb030e2c23aca21cd1dd2c41a?s=96&d=mm&r=g","caption":"fabiennegrida"},"url":"https:\/\/www.bachmann-kunststoff-verpackungen.ch\/en\/author\/fabiennegrida\/"}]}},"_links":{"self":[{"href":"https:\/\/www.bachmann-kunststoff-verpackungen.ch\/en\/wp-json\/wp\/v2\/posts\/3820","targetHints":{"allow":["GET"]}}],"collection":[{"href":"https:\/\/www.bachmann-kunststoff-verpackungen.ch\/en\/wp-json\/wp\/v2\/posts"}],"about":[{"href":"https:\/\/www.bachmann-kunststoff-verpackungen.ch\/en\/wp-json\/wp\/v2\/types\/post"}],"author":[{"embeddable":true,"href":"https:\/\/www.bachmann-kunststoff-verpackungen.ch\/en\/wp-json\/wp\/v2\/users\/10"}],"replies":[{"embeddable":true,"href":"https:\/\/www.bachmann-kunststoff-verpackungen.ch\/en\/wp-json\/wp\/v2\/comments?post=3820"}],"version-history":[{"count":1,"href":"https:\/\/www.bachmann-kunststoff-verpackungen.ch\/en\/wp-json\/wp\/v2\/posts\/3820\/revisions"}],"predecessor-version":[{"id":3822,"href":"https:\/\/www.bachmann-kunststoff-verpackungen.ch\/en\/wp-json\/wp\/v2\/posts\/3820\/revisions\/3822"}],"wp:featuredmedia":[{"embeddable":true,"href":"https:\/\/www.bachmann-kunststoff-verpackungen.ch\/en\/wp-json\/wp\/v2\/media\/3806"}],"wp:attachment":[{"href":"https:\/\/www.bachmann-kunststoff-verpackungen.ch\/en\/wp-json\/wp\/v2\/media?parent=3820"}],"wp:term":[{"taxonomy":"category","embeddable":true,"href":"https:\/\/www.bachmann-kunststoff-verpackungen.ch\/en\/wp-json\/wp\/v2\/categories?post=3820"}],"curies":[{"name":"wp","href":"https:\/\/api.w.org\/{rel}","templated":true}]}}