{"id":3930,"date":"2024-11-14T11:42:54","date_gmt":"2024-11-14T10:42:54","guid":{"rendered":"https:\/\/www.bachmann-kunststoff-verpackungen.ch\/unsere-jubilarenfeier-2024\/"},"modified":"2025-01-31T10:42:33","modified_gmt":"2025-01-31T09:42:33","slug":"unsere-jubilarenfeier-2024","status":"publish","type":"post","link":"https:\/\/www.bachmann-kunststoff-verpackungen.ch\/en\/unsere-jubilarenfeier-2024\/","title":{"rendered":"Unsere Jubilarenfeier 2024"},"content":{"rendered":"<p>Am Freitag, 8. November wurden unsere Jubilarinnen und Jubilaren geehrt. In einer traumhaften Location mit feinem Essen genossen wir zusammen einen gem\u00fctlichen Abend. Dabei durften wir zehnmal 10 und einmal 20 Dienstjahre feiern. Dies bedeutet zusammen 120 Jahre volle BACHMANN-Erfahrung! Herzlichen Dank allen f\u00fcr euer Know-how, Engagement und Treue.<\/p>\n<p>Gleichzeitig verabschiedeten wir in diesem Rahmen unsere Mitarbeitenden, die w\u00e4hrend diesem Jahr pensioniert wurden. Unsere drei Pension\u00e4re kamen zusammen auf sagenhafte 89 Dienstjahre! Auch hier ein grosses Dankesch\u00f6n. F\u00fcr den neuen Lebensabschnitt w\u00fcnschen wir euch alles Gute, viel Gl\u00fcck und Gesundheit.<\/p>\n<p>&nbsp;<\/p>\n\n\t\t<style type=\"text\/css\">\n\t\t\t#gallery-1 {\n\t\t\t\tmargin: auto;\n\t\t\t}\n\t\t\t#gallery-1 .gallery-item {\n\t\t\t\tfloat: left;\n\t\t\t\tmargin-top: 10px;\n\t\t\t\ttext-align: center;\n\t\t\t\twidth: 33%;\n\t\t\t}\n\t\t\t#gallery-1 img {\n\t\t\t\tborder: 2px solid #cfcfcf;\n\t\t\t}\n\t\t\t#gallery-1 .gallery-caption {\n\t\t\t\tmargin-left: 0;\n\t\t\t}\n\t\t\t\/* see gallery_shortcode() in wp-includes\/media.php *\/\n\t\t<\/style>\n\t\t<div id='gallery-1' class='gallery galleryid-3930 gallery-columns-3 gallery-size-thumbnail'><dl class='gallery-item'>\n\t\t\t<dt class='gallery-icon landscape'>\n\t\t\t\t<a href='https:\/\/www.bachmann-kunststoff-verpackungen.ch\/wp-content\/uploads\/sites\/2\/Anja-scaled.jpg'><img loading=\"lazy\" decoding=\"async\" width=\"150\" height=\"150\" src=\"https:\/\/www.bachmann-kunststoff-verpackungen.ch\/wp-content\/uploads\/sites\/2\/Anja-150x150.jpg\" class=\"attachment-thumbnail size-thumbnail\" alt=\"\" \/><\/a>\n\t\t\t<\/dt><\/dl><dl class='gallery-item'>\n\t\t\t<dt class='gallery-icon landscape'>\n\t\t\t\t<a href='https:\/\/www.bachmann-kunststoff-verpackungen.ch\/wp-content\/uploads\/sites\/2\/Eskinder-scaled.jpg'><img loading=\"lazy\" decoding=\"async\" width=\"150\" height=\"150\" src=\"https:\/\/www.bachmann-kunststoff-verpackungen.ch\/wp-content\/uploads\/sites\/2\/Eskinder-150x150.jpg\" class=\"attachment-thumbnail size-thumbnail\" alt=\"\" \/><\/a>\n\t\t\t<\/dt><\/dl><dl class='gallery-item'>\n\t\t\t<dt class='gallery-icon landscape'>\n\t\t\t\t<a href='https:\/\/www.bachmann-kunststoff-verpackungen.ch\/wp-content\/uploads\/sites\/2\/Ferit-scaled.jpg'><img loading=\"lazy\" decoding=\"async\" width=\"150\" height=\"150\" src=\"https:\/\/www.bachmann-kunststoff-verpackungen.ch\/wp-content\/uploads\/sites\/2\/Ferit-150x150.jpg\" class=\"attachment-thumbnail size-thumbnail\" alt=\"\" \/><\/a>\n\t\t\t<\/dt><\/dl><br style=\"clear: both\" \/><dl class='gallery-item'>\n\t\t\t<dt class='gallery-icon landscape'>\n\t\t\t\t<a href='https:\/\/www.bachmann-kunststoff-verpackungen.ch\/wp-content\/uploads\/sites\/2\/Horst-scaled.jpg'><img loading=\"lazy\" decoding=\"async\" width=\"150\" height=\"150\" src=\"https:\/\/www.bachmann-kunststoff-verpackungen.ch\/wp-content\/uploads\/sites\/2\/Horst-150x150.jpg\" class=\"attachment-thumbnail size-thumbnail\" alt=\"\" \/><\/a>\n\t\t\t<\/dt><\/dl><dl class='gallery-item'>\n\t\t\t<dt class='gallery-icon landscape'>\n\t\t\t\t<a href='https:\/\/www.bachmann-kunststoff-verpackungen.ch\/wp-content\/uploads\/sites\/2\/Joerg-scaled.jpg'><img loading=\"lazy\" decoding=\"async\" width=\"150\" height=\"150\" src=\"https:\/\/www.bachmann-kunststoff-verpackungen.ch\/wp-content\/uploads\/sites\/2\/Joerg-150x150.jpg\" class=\"attachment-thumbnail size-thumbnail\" alt=\"\" \/><\/a>\n\t\t\t<\/dt><\/dl><dl class='gallery-item'>\n\t\t\t<dt class='gallery-icon landscape'>\n\t\t\t\t<a href='https:\/\/www.bachmann-kunststoff-verpackungen.ch\/wp-content\/uploads\/sites\/2\/Kevin-scaled.jpg'><img loading=\"lazy\" decoding=\"async\" width=\"150\" height=\"150\" src=\"https:\/\/www.bachmann-kunststoff-verpackungen.ch\/wp-content\/uploads\/sites\/2\/Kevin-150x150.jpg\" class=\"attachment-thumbnail size-thumbnail\" alt=\"\" \/><\/a>\n\t\t\t<\/dt><\/dl><br style=\"clear: both\" \/><dl class='gallery-item'>\n\t\t\t<dt class='gallery-icon landscape'>\n\t\t\t\t<a href='https:\/\/www.bachmann-kunststoff-verpackungen.ch\/wp-content\/uploads\/sites\/2\/Matko-scaled.jpg'><img loading=\"lazy\" decoding=\"async\" width=\"150\" height=\"150\" src=\"https:\/\/www.bachmann-kunststoff-verpackungen.ch\/wp-content\/uploads\/sites\/2\/Matko-150x150.jpg\" class=\"attachment-thumbnail size-thumbnail\" alt=\"\" \/><\/a>\n\t\t\t<\/dt><\/dl><dl class='gallery-item'>\n\t\t\t<dt class='gallery-icon landscape'>\n\t\t\t\t<a href='https:\/\/www.bachmann-kunststoff-verpackungen.ch\/wp-content\/uploads\/sites\/2\/Mehmet-scaled.jpg'><img loading=\"lazy\" decoding=\"async\" width=\"150\" height=\"150\" src=\"https:\/\/www.bachmann-kunststoff-verpackungen.ch\/wp-content\/uploads\/sites\/2\/Mehmet-150x150.jpg\" class=\"attachment-thumbnail size-thumbnail\" alt=\"\" \/><\/a>\n\t\t\t<\/dt><\/dl><dl class='gallery-item'>\n\t\t\t<dt class='gallery-icon landscape'>\n\t\t\t\t<a href='https:\/\/www.bachmann-kunststoff-verpackungen.ch\/wp-content\/uploads\/sites\/2\/Ruedi-scaled.jpg'><img loading=\"lazy\" decoding=\"async\" width=\"150\" height=\"150\" src=\"https:\/\/www.bachmann-kunststoff-verpackungen.ch\/wp-content\/uploads\/sites\/2\/Ruedi-150x150.jpg\" class=\"attachment-thumbnail size-thumbnail\" alt=\"\" \/><\/a>\n\t\t\t<\/dt><\/dl><br style=\"clear: both\" \/><dl class='gallery-item'>\n\t\t\t<dt class='gallery-icon landscape'>\n\t\t\t\t<a href='https:\/\/www.bachmann-kunststoff-verpackungen.ch\/wp-content\/uploads\/sites\/2\/Teuta-scaled.jpg'><img loading=\"lazy\" decoding=\"async\" width=\"150\" height=\"150\" src=\"https:\/\/www.bachmann-kunststoff-verpackungen.ch\/wp-content\/uploads\/sites\/2\/Teuta-150x150.jpg\" class=\"attachment-thumbnail size-thumbnail\" alt=\"\" \/><\/a>\n\t\t\t<\/dt><\/dl><dl class='gallery-item'>\n\t\t\t<dt class='gallery-icon landscape'>\n\t\t\t\t<a href='https:\/\/www.bachmann-kunststoff-verpackungen.ch\/wp-content\/uploads\/sites\/2\/Thomas-scaled.jpg'><img loading=\"lazy\" decoding=\"async\" width=\"150\" height=\"150\" src=\"https:\/\/www.bachmann-kunststoff-verpackungen.ch\/wp-content\/uploads\/sites\/2\/Thomas-150x150.jpg\" class=\"attachment-thumbnail size-thumbnail\" alt=\"\" \/><\/a>\n\t\t\t<\/dt><\/dl>\n\t\t\t<br style='clear: both' \/>\n\t\t<\/div>\n\n","protected":false},"excerpt":{"rendered":"<p>Am Freitag, 8. November wurden unsere Jubilarinnen und Jubilaren geehrt. In einer traumhaften Location mit feinem Essen genossen wir zusammen einen gem\u00fctlichen Abend. Dabei durften wir zehnmal 10 und einmal 20 Dienstjahre feiern. Dies bedeutet zusammen 120 Jahre volle BACHMANN-Erfahrung! Herzlichen Dank allen f\u00fcr euer Know-how, Engagement und Treue. Gleichzeitig verabschiedeten wir in diesem Rahmen [&hellip;]<\/p>\n","protected":false},"author":10,"featured_media":3845,"comment_status":"closed","ping_status":"closed","sticky":false,"template":"","format":"standard","meta":{"footnotes":""},"categories":[4],"class_list":["post-3930","post","type-post","status-publish","format-standard","has-post-thumbnail","hentry","category-uncategorized"],"yoast_head":"<!-- This site is optimized with the Yoast SEO plugin v25.9 - https:\/\/yoast.com\/wordpress\/plugins\/seo\/ -->\n<title>Unsere Jubilarenfeier 2024 - BACHMANN FORMING AG<\/title>\n<meta name=\"robots\" content=\"index, follow, max-snippet:-1, max-image-preview:large, max-video-preview:-1\" \/>\n<link rel=\"canonical\" href=\"https:\/\/www.bachmann-kunststoff-verpackungen.ch\/en\/unsere-jubilarenfeier-2024\/\" \/>\n<meta property=\"og:locale\" content=\"en_US\" \/>\n<meta property=\"og:type\" content=\"article\" \/>\n<meta property=\"og:title\" content=\"Unsere Jubilarenfeier 2024 - BACHMANN FORMING AG\" \/>\n<meta property=\"og:description\" content=\"Am Freitag, 8. November wurden unsere Jubilarinnen und Jubilaren geehrt. In einer traumhaften Location mit feinem Essen genossen wir zusammen einen gem\u00fctlichen Abend. Dabei durften wir zehnmal 10 und einmal 20 Dienstjahre feiern. Dies bedeutet zusammen 120 Jahre volle BACHMANN-Erfahrung! Herzlichen Dank allen f\u00fcr euer Know-how, Engagement und Treue. Gleichzeitig verabschiedeten wir in diesem Rahmen [&hellip;]\" \/>\n<meta property=\"og:url\" content=\"https:\/\/www.bachmann-kunststoff-verpackungen.ch\/en\/unsere-jubilarenfeier-2024\/\" \/>\n<meta property=\"og:site_name\" content=\"BACHMANN FORMING AG\" \/>\n<meta property=\"article:published_time\" content=\"2024-11-14T10:42:54+00:00\" \/>\n<meta property=\"article:modified_time\" content=\"2025-01-31T09:42:33+00:00\" \/>\n<meta property=\"og:image\" content=\"https:\/\/www.bachmann-kunststoff-verpackungen.ch\/wp-content\/uploads\/sites\/2\/Jubilaren-1024x683.png\" \/>\n\t<meta property=\"og:image:width\" content=\"1024\" \/>\n\t<meta property=\"og:image:height\" content=\"683\" \/>\n\t<meta property=\"og:image:type\" content=\"image\/png\" \/>\n<meta name=\"author\" content=\"fabiennegrida\" \/>\n<meta name=\"twitter:card\" content=\"summary_large_image\" \/>\n<meta name=\"twitter:label1\" content=\"Written by\" \/>\n\t<meta name=\"twitter:data1\" content=\"fabiennegrida\" \/>\n\t<meta name=\"twitter:label2\" content=\"Est. reading time\" \/>\n\t<meta name=\"twitter:data2\" content=\"1 minute\" \/>\n<script type=\"application\/ld+json\" class=\"yoast-schema-graph\">{\"@context\":\"https:\/\/schema.org\",\"@graph\":[{\"@type\":\"WebPage\",\"@id\":\"https:\/\/www.bachmann-kunststoff-verpackungen.ch\/en\/unsere-jubilarenfeier-2024\/\",\"url\":\"https:\/\/www.bachmann-kunststoff-verpackungen.ch\/en\/unsere-jubilarenfeier-2024\/\",\"name\":\"Unsere Jubilarenfeier 2024 - BACHMANN FORMING AG\",\"isPartOf\":{\"@id\":\"https:\/\/www.bachmann-kunststoff-verpackungen.ch\/#website\"},\"primaryImageOfPage\":{\"@id\":\"https:\/\/www.bachmann-kunststoff-verpackungen.ch\/en\/unsere-jubilarenfeier-2024\/#primaryimage\"},\"image\":{\"@id\":\"https:\/\/www.bachmann-kunststoff-verpackungen.ch\/en\/unsere-jubilarenfeier-2024\/#primaryimage\"},\"thumbnailUrl\":\"https:\/\/www.bachmann-kunststoff-verpackungen.ch\/wp-content\/uploads\/sites\/2\/Jubilaren.png\",\"datePublished\":\"2024-11-14T10:42:54+00:00\",\"dateModified\":\"2025-01-31T09:42:33+00:00\",\"author\":{\"@id\":\"https:\/\/www.bachmann-kunststoff-verpackungen.ch\/#\/schema\/person\/ab7df28c8b080de191c7ff34055ea2ad\"},\"breadcrumb\":{\"@id\":\"https:\/\/www.bachmann-kunststoff-verpackungen.ch\/en\/unsere-jubilarenfeier-2024\/#breadcrumb\"},\"inLanguage\":\"en-US\",\"potentialAction\":[{\"@type\":\"ReadAction\",\"target\":[\"https:\/\/www.bachmann-kunststoff-verpackungen.ch\/en\/unsere-jubilarenfeier-2024\/\"]}]},{\"@type\":\"ImageObject\",\"inLanguage\":\"en-US\",\"@id\":\"https:\/\/www.bachmann-kunststoff-verpackungen.ch\/en\/unsere-jubilarenfeier-2024\/#primaryimage\",\"url\":\"https:\/\/www.bachmann-kunststoff-verpackungen.ch\/wp-content\/uploads\/sites\/2\/Jubilaren.png\",\"contentUrl\":\"https:\/\/www.bachmann-kunststoff-verpackungen.ch\/wp-content\/uploads\/sites\/2\/Jubilaren.png\",\"width\":1586,\"height\":1058},{\"@type\":\"BreadcrumbList\",\"@id\":\"https:\/\/www.bachmann-kunststoff-verpackungen.ch\/en\/unsere-jubilarenfeier-2024\/#breadcrumb\",\"itemListElement\":[{\"@type\":\"ListItem\",\"position\":1,\"name\":\"Home\",\"item\":\"https:\/\/www.bachmann-kunststoff-verpackungen.ch\/en\/\"},{\"@type\":\"ListItem\",\"position\":2,\"name\":\"Unsere Jubilarenfeier 2024\"}]},{\"@type\":\"WebSite\",\"@id\":\"https:\/\/www.bachmann-kunststoff-verpackungen.ch\/#website\",\"url\":\"https:\/\/www.bachmann-kunststoff-verpackungen.ch\/\",\"name\":\"BACHMANN FORMING AG\",\"description\":\"\",\"potentialAction\":[{\"@type\":\"SearchAction\",\"target\":{\"@type\":\"EntryPoint\",\"urlTemplate\":\"https:\/\/www.bachmann-kunststoff-verpackungen.ch\/?s={search_term_string}\"},\"query-input\":{\"@type\":\"PropertyValueSpecification\",\"valueRequired\":true,\"valueName\":\"search_term_string\"}}],\"inLanguage\":\"en-US\"},{\"@type\":\"Person\",\"@id\":\"https:\/\/www.bachmann-kunststoff-verpackungen.ch\/#\/schema\/person\/ab7df28c8b080de191c7ff34055ea2ad\",\"name\":\"fabiennegrida\",\"image\":{\"@type\":\"ImageObject\",\"inLanguage\":\"en-US\",\"@id\":\"https:\/\/www.bachmann-kunststoff-verpackungen.ch\/#\/schema\/person\/image\/\",\"url\":\"https:\/\/secure.gravatar.com\/avatar\/ef15350aff5d372025f08fbbb0416cef6d17ccceb030e2c23aca21cd1dd2c41a?s=96&d=mm&r=g\",\"contentUrl\":\"https:\/\/secure.gravatar.com\/avatar\/ef15350aff5d372025f08fbbb0416cef6d17ccceb030e2c23aca21cd1dd2c41a?s=96&d=mm&r=g\",\"caption\":\"fabiennegrida\"},\"url\":\"https:\/\/www.bachmann-kunststoff-verpackungen.ch\/en\/author\/fabiennegrida\/\"}]}<\/script>\n<!-- \/ Yoast SEO plugin. -->","yoast_head_json":{"title":"Unsere Jubilarenfeier 2024 - BACHMANN FORMING AG","robots":{"index":"index","follow":"follow","max-snippet":"max-snippet:-1","max-image-preview":"max-image-preview:large","max-video-preview":"max-video-preview:-1"},"canonical":"https:\/\/www.bachmann-kunststoff-verpackungen.ch\/en\/unsere-jubilarenfeier-2024\/","og_locale":"en_US","og_type":"article","og_title":"Unsere Jubilarenfeier 2024 - BACHMANN FORMING AG","og_description":"Am Freitag, 8. November wurden unsere Jubilarinnen und Jubilaren geehrt. In einer traumhaften Location mit feinem Essen genossen wir zusammen einen gem\u00fctlichen Abend. Dabei durften wir zehnmal 10 und einmal 20 Dienstjahre feiern. Dies bedeutet zusammen 120 Jahre volle BACHMANN-Erfahrung! Herzlichen Dank allen f\u00fcr euer Know-how, Engagement und Treue. Gleichzeitig verabschiedeten wir in diesem Rahmen [&hellip;]","og_url":"https:\/\/www.bachmann-kunststoff-verpackungen.ch\/en\/unsere-jubilarenfeier-2024\/","og_site_name":"BACHMANN FORMING AG","article_published_time":"2024-11-14T10:42:54+00:00","article_modified_time":"2025-01-31T09:42:33+00:00","og_image":[{"width":1024,"height":683,"url":"https:\/\/www.bachmann-kunststoff-verpackungen.ch\/wp-content\/uploads\/sites\/2\/Jubilaren-1024x683.png","type":"image\/png"}],"author":"fabiennegrida","twitter_card":"summary_large_image","twitter_misc":{"Written by":"fabiennegrida","Est. reading time":"1 minute"},"schema":{"@context":"https:\/\/schema.org","@graph":[{"@type":"WebPage","@id":"https:\/\/www.bachmann-kunststoff-verpackungen.ch\/en\/unsere-jubilarenfeier-2024\/","url":"https:\/\/www.bachmann-kunststoff-verpackungen.ch\/en\/unsere-jubilarenfeier-2024\/","name":"Unsere Jubilarenfeier 2024 - BACHMANN FORMING AG","isPartOf":{"@id":"https:\/\/www.bachmann-kunststoff-verpackungen.ch\/#website"},"primaryImageOfPage":{"@id":"https:\/\/www.bachmann-kunststoff-verpackungen.ch\/en\/unsere-jubilarenfeier-2024\/#primaryimage"},"image":{"@id":"https:\/\/www.bachmann-kunststoff-verpackungen.ch\/en\/unsere-jubilarenfeier-2024\/#primaryimage"},"thumbnailUrl":"https:\/\/www.bachmann-kunststoff-verpackungen.ch\/wp-content\/uploads\/sites\/2\/Jubilaren.png","datePublished":"2024-11-14T10:42:54+00:00","dateModified":"2025-01-31T09:42:33+00:00","author":{"@id":"https:\/\/www.bachmann-kunststoff-verpackungen.ch\/#\/schema\/person\/ab7df28c8b080de191c7ff34055ea2ad"},"breadcrumb":{"@id":"https:\/\/www.bachmann-kunststoff-verpackungen.ch\/en\/unsere-jubilarenfeier-2024\/#breadcrumb"},"inLanguage":"en-US","potentialAction":[{"@type":"ReadAction","target":["https:\/\/www.bachmann-kunststoff-verpackungen.ch\/en\/unsere-jubilarenfeier-2024\/"]}]},{"@type":"ImageObject","inLanguage":"en-US","@id":"https:\/\/www.bachmann-kunststoff-verpackungen.ch\/en\/unsere-jubilarenfeier-2024\/#primaryimage","url":"https:\/\/www.bachmann-kunststoff-verpackungen.ch\/wp-content\/uploads\/sites\/2\/Jubilaren.png","contentUrl":"https:\/\/www.bachmann-kunststoff-verpackungen.ch\/wp-content\/uploads\/sites\/2\/Jubilaren.png","width":1586,"height":1058},{"@type":"BreadcrumbList","@id":"https:\/\/www.bachmann-kunststoff-verpackungen.ch\/en\/unsere-jubilarenfeier-2024\/#breadcrumb","itemListElement":[{"@type":"ListItem","position":1,"name":"Home","item":"https:\/\/www.bachmann-kunststoff-verpackungen.ch\/en\/"},{"@type":"ListItem","position":2,"name":"Unsere Jubilarenfeier 2024"}]},{"@type":"WebSite","@id":"https:\/\/www.bachmann-kunststoff-verpackungen.ch\/#website","url":"https:\/\/www.bachmann-kunststoff-verpackungen.ch\/","name":"BACHMANN FORMING AG","description":"","potentialAction":[{"@type":"SearchAction","target":{"@type":"EntryPoint","urlTemplate":"https:\/\/www.bachmann-kunststoff-verpackungen.ch\/?s={search_term_string}"},"query-input":{"@type":"PropertyValueSpecification","valueRequired":true,"valueName":"search_term_string"}}],"inLanguage":"en-US"},{"@type":"Person","@id":"https:\/\/www.bachmann-kunststoff-verpackungen.ch\/#\/schema\/person\/ab7df28c8b080de191c7ff34055ea2ad","name":"fabiennegrida","image":{"@type":"ImageObject","inLanguage":"en-US","@id":"https:\/\/www.bachmann-kunststoff-verpackungen.ch\/#\/schema\/person\/image\/","url":"https:\/\/secure.gravatar.com\/avatar\/ef15350aff5d372025f08fbbb0416cef6d17ccceb030e2c23aca21cd1dd2c41a?s=96&d=mm&r=g","contentUrl":"https:\/\/secure.gravatar.com\/avatar\/ef15350aff5d372025f08fbbb0416cef6d17ccceb030e2c23aca21cd1dd2c41a?s=96&d=mm&r=g","caption":"fabiennegrida"},"url":"https:\/\/www.bachmann-kunststoff-verpackungen.ch\/en\/author\/fabiennegrida\/"}]}},"_links":{"self":[{"href":"https:\/\/www.bachmann-kunststoff-verpackungen.ch\/en\/wp-json\/wp\/v2\/posts\/3930","targetHints":{"allow":["GET"]}}],"collection":[{"href":"https:\/\/www.bachmann-kunststoff-verpackungen.ch\/en\/wp-json\/wp\/v2\/posts"}],"about":[{"href":"https:\/\/www.bachmann-kunststoff-verpackungen.ch\/en\/wp-json\/wp\/v2\/types\/post"}],"author":[{"embeddable":true,"href":"https:\/\/www.bachmann-kunststoff-verpackungen.ch\/en\/wp-json\/wp\/v2\/users\/10"}],"replies":[{"embeddable":true,"href":"https:\/\/www.bachmann-kunststoff-verpackungen.ch\/en\/wp-json\/wp\/v2\/comments?post=3930"}],"version-history":[{"count":1,"href":"https:\/\/www.bachmann-kunststoff-verpackungen.ch\/en\/wp-json\/wp\/v2\/posts\/3930\/revisions"}],"predecessor-version":[{"id":3932,"href":"https:\/\/www.bachmann-kunststoff-verpackungen.ch\/en\/wp-json\/wp\/v2\/posts\/3930\/revisions\/3932"}],"wp:featuredmedia":[{"embeddable":true,"href":"https:\/\/www.bachmann-kunststoff-verpackungen.ch\/en\/wp-json\/wp\/v2\/media\/3845"}],"wp:attachment":[{"href":"https:\/\/www.bachmann-kunststoff-verpackungen.ch\/en\/wp-json\/wp\/v2\/media?parent=3930"}],"wp:term":[{"taxonomy":"category","embeddable":true,"href":"https:\/\/www.bachmann-kunststoff-verpackungen.ch\/en\/wp-json\/wp\/v2\/categories?post=3930"}],"curies":[{"name":"wp","href":"https:\/\/api.w.org\/{rel}","templated":true}]}}