{"id":3922,"date":"2025-01-17T11:15:57","date_gmt":"2025-01-17T10:15:57","guid":{"rendered":"https:\/\/www.bachmann-kunststoff-verpackungen.ch\/der-recybag-ist-lanciert\/"},"modified":"2025-06-20T11:17:54","modified_gmt":"2025-06-20T09:17:54","slug":"der-recybag-ist-lanciert","status":"publish","type":"post","link":"https:\/\/www.bachmann-kunststoff-verpackungen.ch\/fr\/der-recybag-ist-lanciert\/","title":{"rendered":"Der RecyBag ist in der Schweiz lanciert"},"content":{"rendered":"<p>Am 16. Januar 2025 wurde ein bedeutender Meilenstein f\u00fcr die Kreislaufwirtschaft in der Schweiz erreicht: Die Branchenorganisation <a href=\"http:\/\/www.recypac.ch\">RecyPac<\/a> hat den offiziellen Start einer einheitlichen Sammlung von Kunststoffverpackungen und Getr\u00e4nkekartons bekannt gegeben. Mit der Einf\u00fchrung des RecyBag wird eine konsumentenfreundliche und unkomplizierte M\u00f6glichkeit geschaffen, diese Wertstoffe effizient zu sammeln.<\/p>\n<p>Das gesammelte Material soll zu neuen Verpackungen verarbeitet werden, wodurch der Kreislauf f\u00fcr Verpackungen geschlossen wird. Unser PAC2PAC-System zeigt bereits auf, wie ein solches Kreislaufverfahren f\u00fcr Kunststoffverpackungen erfolgreich umgesetzt werden kann.<\/p>\n<p>Als stolzes Mitglied von RecyPac freuen wir uns, Teil dieser wegweisenden Initiative zu sein, die eine nachhaltige und ganzheitliche L\u00f6sung f\u00fcr die Recycling-Herausforderungen bietet.<\/p>\n<p>Neugierig? Hier geht&rsquo;s zu allen Information \u00fcber RecyBag und PAC2PAC: <a class=\"TpXInuvHbTRAFvDkEMNvsUggPbAoOjqbI \" href=\"http:\/\/www.recybag.ch\/\" target=\"_self\" rel=\"noopener\" data-test-app-aware-link=\"\">www.recybag.ch<\/a> und <a class=\"TpXInuvHbTRAFvDkEMNvsUggPbAoOjqbI \" href=\"http:\/\/www.pac2pac.ch\/\" target=\"_self\" rel=\"noopener\" data-test-app-aware-link=\"\">www.pac2pac.ch<\/a><\/p>\n<p>&nbsp;<\/p>\n\n\t\t<style type=\"text\/css\">\n\t\t\t#gallery-1 {\n\t\t\t\tmargin: auto;\n\t\t\t}\n\t\t\t#gallery-1 .gallery-item {\n\t\t\t\tfloat: left;\n\t\t\t\tmargin-top: 10px;\n\t\t\t\ttext-align: center;\n\t\t\t\twidth: 33%;\n\t\t\t}\n\t\t\t#gallery-1 img {\n\t\t\t\tborder: 2px solid #cfcfcf;\n\t\t\t}\n\t\t\t#gallery-1 .gallery-caption {\n\t\t\t\tmargin-left: 0;\n\t\t\t}\n\t\t\t\/* see gallery_shortcode() in wp-includes\/media.php *\/\n\t\t<\/style>\n\t\t<div id='gallery-1' class='gallery galleryid-3922 gallery-columns-3 gallery-size-thumbnail'><dl class='gallery-item'>\n\t\t\t<dt class='gallery-icon landscape'>\n\t\t\t\t<a href='https:\/\/www.bachmann-kunststoff-verpackungen.ch\/wp-content\/uploads\/sites\/2\/RecyBag_Sammlung_02-scaled.jpg'><img loading=\"lazy\" decoding=\"async\" width=\"150\" height=\"150\" src=\"https:\/\/www.bachmann-kunststoff-verpackungen.ch\/wp-content\/uploads\/sites\/2\/RecyBag_Sammlung_02-150x150.jpg\" class=\"attachment-thumbnail size-thumbnail\" alt=\"\" \/><\/a>\n\t\t\t<\/dt><\/dl><dl class='gallery-item'>\n\t\t\t<dt class='gallery-icon landscape'>\n\t\t\t\t<a href='https:\/\/www.bachmann-kunststoff-verpackungen.ch\/wp-content\/uploads\/sites\/2\/RecyBag_Sammlung_04-scaled.jpg'><img loading=\"lazy\" decoding=\"async\" width=\"150\" height=\"150\" src=\"https:\/\/www.bachmann-kunststoff-verpackungen.ch\/wp-content\/uploads\/sites\/2\/RecyBag_Sammlung_04-150x150.jpg\" class=\"attachment-thumbnail size-thumbnail\" alt=\"\" \/><\/a>\n\t\t\t<\/dt><\/dl><dl class='gallery-item'>\n\t\t\t<dt class='gallery-icon landscape'>\n\t\t\t\t<a href='https:\/\/www.bachmann-kunststoff-verpackungen.ch\/wp-content\/uploads\/sites\/2\/RecyBag_Sammlung_05-scaled.jpg'><img loading=\"lazy\" decoding=\"async\" width=\"150\" height=\"150\" src=\"https:\/\/www.bachmann-kunststoff-verpackungen.ch\/wp-content\/uploads\/sites\/2\/RecyBag_Sammlung_05-150x150.jpg\" class=\"attachment-thumbnail size-thumbnail\" alt=\"\" \/><\/a>\n\t\t\t<\/dt><\/dl><br style=\"clear: both\" \/>\n\t\t<\/div>\n\n","protected":false},"excerpt":{"rendered":"<p>Am 16. Januar 2025 wurde ein bedeutender Meilenstein f\u00fcr die Kreislaufwirtschaft in der Schweiz erreicht: Die Branchenorganisation RecyPac hat den offiziellen Start einer einheitlichen Sammlung von Kunststoffverpackungen und Getr\u00e4nkekartons bekannt gegeben. Mit der Einf\u00fchrung des RecyBag wird eine konsumentenfreundliche und unkomplizierte M\u00f6glichkeit geschaffen, diese Wertstoffe effizient zu sammeln. Das gesammelte Material soll zu neuen Verpackungen [&hellip;]<\/p>\n","protected":false},"author":10,"featured_media":3900,"comment_status":"closed","ping_status":"closed","sticky":false,"template":"","format":"standard","meta":{"footnotes":""},"categories":[5],"class_list":["post-3922","post","type-post","status-publish","format-standard","has-post-thumbnail","hentry","category-non-classifiee"],"yoast_head":"<!-- This site is optimized with the Yoast SEO plugin v25.9 - https:\/\/yoast.com\/wordpress\/plugins\/seo\/ -->\n<title>Der RecyBag ist in der Schweiz lanciert - BACHMANN FORMING AG<\/title>\n<meta name=\"robots\" content=\"index, follow, max-snippet:-1, max-image-preview:large, max-video-preview:-1\" \/>\n<link rel=\"canonical\" href=\"https:\/\/www.bachmann-kunststoff-verpackungen.ch\/fr\/der-recybag-ist-lanciert\/\" \/>\n<meta property=\"og:locale\" content=\"fr_FR\" \/>\n<meta property=\"og:type\" content=\"article\" \/>\n<meta property=\"og:title\" content=\"Der RecyBag ist in der Schweiz lanciert - BACHMANN FORMING AG\" \/>\n<meta property=\"og:description\" content=\"Am 16. Januar 2025 wurde ein bedeutender Meilenstein f\u00fcr die Kreislaufwirtschaft in der Schweiz erreicht: Die Branchenorganisation RecyPac hat den offiziellen Start einer einheitlichen Sammlung von Kunststoffverpackungen und Getr\u00e4nkekartons bekannt gegeben. Mit der Einf\u00fchrung des RecyBag wird eine konsumentenfreundliche und unkomplizierte M\u00f6glichkeit geschaffen, diese Wertstoffe effizient zu sammeln. Das gesammelte Material soll zu neuen Verpackungen [&hellip;]\" \/>\n<meta property=\"og:url\" content=\"https:\/\/www.bachmann-kunststoff-verpackungen.ch\/fr\/der-recybag-ist-lanciert\/\" \/>\n<meta property=\"og:site_name\" content=\"BACHMANN FORMING AG\" \/>\n<meta property=\"article:published_time\" content=\"2025-01-17T10:15:57+00:00\" \/>\n<meta property=\"article:modified_time\" content=\"2025-06-20T09:17:54+00:00\" \/>\n<meta property=\"og:image\" content=\"https:\/\/www.bachmann-kunststoff-verpackungen.ch\/wp-content\/uploads\/sites\/2\/RecyBag.png\" \/>\n\t<meta property=\"og:image:width\" content=\"710\" \/>\n\t<meta property=\"og:image:height\" content=\"466\" \/>\n\t<meta property=\"og:image:type\" content=\"image\/png\" \/>\n<meta name=\"author\" content=\"fabiennegrida\" \/>\n<meta name=\"twitter:card\" content=\"summary_large_image\" \/>\n<meta name=\"twitter:label1\" content=\"\u00c9crit par\" \/>\n\t<meta name=\"twitter:data1\" content=\"fabiennegrida\" \/>\n\t<meta name=\"twitter:label2\" content=\"Dur\u00e9e de lecture estim\u00e9e\" \/>\n\t<meta name=\"twitter:data2\" content=\"1 minute\" \/>\n<script type=\"application\/ld+json\" class=\"yoast-schema-graph\">{\"@context\":\"https:\/\/schema.org\",\"@graph\":[{\"@type\":\"WebPage\",\"@id\":\"https:\/\/www.bachmann-kunststoff-verpackungen.ch\/fr\/der-recybag-ist-lanciert\/\",\"url\":\"https:\/\/www.bachmann-kunststoff-verpackungen.ch\/fr\/der-recybag-ist-lanciert\/\",\"name\":\"Der RecyBag ist in der Schweiz lanciert - BACHMANN FORMING AG\",\"isPartOf\":{\"@id\":\"https:\/\/www.bachmann-kunststoff-verpackungen.ch\/#website\"},\"primaryImageOfPage\":{\"@id\":\"https:\/\/www.bachmann-kunststoff-verpackungen.ch\/fr\/der-recybag-ist-lanciert\/#primaryimage\"},\"image\":{\"@id\":\"https:\/\/www.bachmann-kunststoff-verpackungen.ch\/fr\/der-recybag-ist-lanciert\/#primaryimage\"},\"thumbnailUrl\":\"https:\/\/www.bachmann-kunststoff-verpackungen.ch\/wp-content\/uploads\/sites\/2\/RecyBag.png\",\"datePublished\":\"2025-01-17T10:15:57+00:00\",\"dateModified\":\"2025-06-20T09:17:54+00:00\",\"author\":{\"@id\":\"https:\/\/www.bachmann-kunststoff-verpackungen.ch\/#\/schema\/person\/ab7df28c8b080de191c7ff34055ea2ad\"},\"breadcrumb\":{\"@id\":\"https:\/\/www.bachmann-kunststoff-verpackungen.ch\/fr\/der-recybag-ist-lanciert\/#breadcrumb\"},\"inLanguage\":\"fr-FR\",\"potentialAction\":[{\"@type\":\"ReadAction\",\"target\":[\"https:\/\/www.bachmann-kunststoff-verpackungen.ch\/fr\/der-recybag-ist-lanciert\/\"]}]},{\"@type\":\"ImageObject\",\"inLanguage\":\"fr-FR\",\"@id\":\"https:\/\/www.bachmann-kunststoff-verpackungen.ch\/fr\/der-recybag-ist-lanciert\/#primaryimage\",\"url\":\"https:\/\/www.bachmann-kunststoff-verpackungen.ch\/wp-content\/uploads\/sites\/2\/RecyBag.png\",\"contentUrl\":\"https:\/\/www.bachmann-kunststoff-verpackungen.ch\/wp-content\/uploads\/sites\/2\/RecyBag.png\",\"width\":710,\"height\":466},{\"@type\":\"BreadcrumbList\",\"@id\":\"https:\/\/www.bachmann-kunststoff-verpackungen.ch\/fr\/der-recybag-ist-lanciert\/#breadcrumb\",\"itemListElement\":[{\"@type\":\"ListItem\",\"position\":1,\"name\":\"Home\",\"item\":\"https:\/\/www.bachmann-kunststoff-verpackungen.ch\/fr\/\"},{\"@type\":\"ListItem\",\"position\":2,\"name\":\"Der RecyBag ist in der Schweiz lanciert\"}]},{\"@type\":\"WebSite\",\"@id\":\"https:\/\/www.bachmann-kunststoff-verpackungen.ch\/#website\",\"url\":\"https:\/\/www.bachmann-kunststoff-verpackungen.ch\/\",\"name\":\"BACHMANN FORMING AG\",\"description\":\"\",\"potentialAction\":[{\"@type\":\"SearchAction\",\"target\":{\"@type\":\"EntryPoint\",\"urlTemplate\":\"https:\/\/www.bachmann-kunststoff-verpackungen.ch\/?s={search_term_string}\"},\"query-input\":{\"@type\":\"PropertyValueSpecification\",\"valueRequired\":true,\"valueName\":\"search_term_string\"}}],\"inLanguage\":\"fr-FR\"},{\"@type\":\"Person\",\"@id\":\"https:\/\/www.bachmann-kunststoff-verpackungen.ch\/#\/schema\/person\/ab7df28c8b080de191c7ff34055ea2ad\",\"name\":\"fabiennegrida\",\"image\":{\"@type\":\"ImageObject\",\"inLanguage\":\"fr-FR\",\"@id\":\"https:\/\/www.bachmann-kunststoff-verpackungen.ch\/#\/schema\/person\/image\/\",\"url\":\"https:\/\/secure.gravatar.com\/avatar\/ef15350aff5d372025f08fbbb0416cef6d17ccceb030e2c23aca21cd1dd2c41a?s=96&d=mm&r=g\",\"contentUrl\":\"https:\/\/secure.gravatar.com\/avatar\/ef15350aff5d372025f08fbbb0416cef6d17ccceb030e2c23aca21cd1dd2c41a?s=96&d=mm&r=g\",\"caption\":\"fabiennegrida\"},\"url\":\"https:\/\/www.bachmann-kunststoff-verpackungen.ch\/fr\/author\/fabiennegrida\/\"}]}<\/script>\n<!-- \/ Yoast SEO plugin. -->","yoast_head_json":{"title":"Der RecyBag ist in der Schweiz lanciert - BACHMANN FORMING AG","robots":{"index":"index","follow":"follow","max-snippet":"max-snippet:-1","max-image-preview":"max-image-preview:large","max-video-preview":"max-video-preview:-1"},"canonical":"https:\/\/www.bachmann-kunststoff-verpackungen.ch\/fr\/der-recybag-ist-lanciert\/","og_locale":"fr_FR","og_type":"article","og_title":"Der RecyBag ist in der Schweiz lanciert - BACHMANN FORMING AG","og_description":"Am 16. Januar 2025 wurde ein bedeutender Meilenstein f\u00fcr die Kreislaufwirtschaft in der Schweiz erreicht: Die Branchenorganisation RecyPac hat den offiziellen Start einer einheitlichen Sammlung von Kunststoffverpackungen und Getr\u00e4nkekartons bekannt gegeben. Mit der Einf\u00fchrung des RecyBag wird eine konsumentenfreundliche und unkomplizierte M\u00f6glichkeit geschaffen, diese Wertstoffe effizient zu sammeln. Das gesammelte Material soll zu neuen Verpackungen [&hellip;]","og_url":"https:\/\/www.bachmann-kunststoff-verpackungen.ch\/fr\/der-recybag-ist-lanciert\/","og_site_name":"BACHMANN FORMING AG","article_published_time":"2025-01-17T10:15:57+00:00","article_modified_time":"2025-06-20T09:17:54+00:00","og_image":[{"width":710,"height":466,"url":"https:\/\/www.bachmann-kunststoff-verpackungen.ch\/wp-content\/uploads\/sites\/2\/RecyBag.png","type":"image\/png"}],"author":"fabiennegrida","twitter_card":"summary_large_image","twitter_misc":{"\u00c9crit par":"fabiennegrida","Dur\u00e9e de lecture estim\u00e9e":"1 minute"},"schema":{"@context":"https:\/\/schema.org","@graph":[{"@type":"WebPage","@id":"https:\/\/www.bachmann-kunststoff-verpackungen.ch\/fr\/der-recybag-ist-lanciert\/","url":"https:\/\/www.bachmann-kunststoff-verpackungen.ch\/fr\/der-recybag-ist-lanciert\/","name":"Der RecyBag ist in der Schweiz lanciert - BACHMANN FORMING AG","isPartOf":{"@id":"https:\/\/www.bachmann-kunststoff-verpackungen.ch\/#website"},"primaryImageOfPage":{"@id":"https:\/\/www.bachmann-kunststoff-verpackungen.ch\/fr\/der-recybag-ist-lanciert\/#primaryimage"},"image":{"@id":"https:\/\/www.bachmann-kunststoff-verpackungen.ch\/fr\/der-recybag-ist-lanciert\/#primaryimage"},"thumbnailUrl":"https:\/\/www.bachmann-kunststoff-verpackungen.ch\/wp-content\/uploads\/sites\/2\/RecyBag.png","datePublished":"2025-01-17T10:15:57+00:00","dateModified":"2025-06-20T09:17:54+00:00","author":{"@id":"https:\/\/www.bachmann-kunststoff-verpackungen.ch\/#\/schema\/person\/ab7df28c8b080de191c7ff34055ea2ad"},"breadcrumb":{"@id":"https:\/\/www.bachmann-kunststoff-verpackungen.ch\/fr\/der-recybag-ist-lanciert\/#breadcrumb"},"inLanguage":"fr-FR","potentialAction":[{"@type":"ReadAction","target":["https:\/\/www.bachmann-kunststoff-verpackungen.ch\/fr\/der-recybag-ist-lanciert\/"]}]},{"@type":"ImageObject","inLanguage":"fr-FR","@id":"https:\/\/www.bachmann-kunststoff-verpackungen.ch\/fr\/der-recybag-ist-lanciert\/#primaryimage","url":"https:\/\/www.bachmann-kunststoff-verpackungen.ch\/wp-content\/uploads\/sites\/2\/RecyBag.png","contentUrl":"https:\/\/www.bachmann-kunststoff-verpackungen.ch\/wp-content\/uploads\/sites\/2\/RecyBag.png","width":710,"height":466},{"@type":"BreadcrumbList","@id":"https:\/\/www.bachmann-kunststoff-verpackungen.ch\/fr\/der-recybag-ist-lanciert\/#breadcrumb","itemListElement":[{"@type":"ListItem","position":1,"name":"Home","item":"https:\/\/www.bachmann-kunststoff-verpackungen.ch\/fr\/"},{"@type":"ListItem","position":2,"name":"Der RecyBag ist in der Schweiz lanciert"}]},{"@type":"WebSite","@id":"https:\/\/www.bachmann-kunststoff-verpackungen.ch\/#website","url":"https:\/\/www.bachmann-kunststoff-verpackungen.ch\/","name":"BACHMANN FORMING AG","description":"","potentialAction":[{"@type":"SearchAction","target":{"@type":"EntryPoint","urlTemplate":"https:\/\/www.bachmann-kunststoff-verpackungen.ch\/?s={search_term_string}"},"query-input":{"@type":"PropertyValueSpecification","valueRequired":true,"valueName":"search_term_string"}}],"inLanguage":"fr-FR"},{"@type":"Person","@id":"https:\/\/www.bachmann-kunststoff-verpackungen.ch\/#\/schema\/person\/ab7df28c8b080de191c7ff34055ea2ad","name":"fabiennegrida","image":{"@type":"ImageObject","inLanguage":"fr-FR","@id":"https:\/\/www.bachmann-kunststoff-verpackungen.ch\/#\/schema\/person\/image\/","url":"https:\/\/secure.gravatar.com\/avatar\/ef15350aff5d372025f08fbbb0416cef6d17ccceb030e2c23aca21cd1dd2c41a?s=96&d=mm&r=g","contentUrl":"https:\/\/secure.gravatar.com\/avatar\/ef15350aff5d372025f08fbbb0416cef6d17ccceb030e2c23aca21cd1dd2c41a?s=96&d=mm&r=g","caption":"fabiennegrida"},"url":"https:\/\/www.bachmann-kunststoff-verpackungen.ch\/fr\/author\/fabiennegrida\/"}]}},"_links":{"self":[{"href":"https:\/\/www.bachmann-kunststoff-verpackungen.ch\/fr\/wp-json\/wp\/v2\/posts\/3922","targetHints":{"allow":["GET"]}}],"collection":[{"href":"https:\/\/www.bachmann-kunststoff-verpackungen.ch\/fr\/wp-json\/wp\/v2\/posts"}],"about":[{"href":"https:\/\/www.bachmann-kunststoff-verpackungen.ch\/fr\/wp-json\/wp\/v2\/types\/post"}],"author":[{"embeddable":true,"href":"https:\/\/www.bachmann-kunststoff-verpackungen.ch\/fr\/wp-json\/wp\/v2\/users\/10"}],"replies":[{"embeddable":true,"href":"https:\/\/www.bachmann-kunststoff-verpackungen.ch\/fr\/wp-json\/wp\/v2\/comments?post=3922"}],"version-history":[{"count":2,"href":"https:\/\/www.bachmann-kunststoff-verpackungen.ch\/fr\/wp-json\/wp\/v2\/posts\/3922\/revisions"}],"predecessor-version":[{"id":4092,"href":"https:\/\/www.bachmann-kunststoff-verpackungen.ch\/fr\/wp-json\/wp\/v2\/posts\/3922\/revisions\/4092"}],"wp:featuredmedia":[{"embeddable":true,"href":"https:\/\/www.bachmann-kunststoff-verpackungen.ch\/fr\/wp-json\/wp\/v2\/media\/3900"}],"wp:attachment":[{"href":"https:\/\/www.bachmann-kunststoff-verpackungen.ch\/fr\/wp-json\/wp\/v2\/media?parent=3922"}],"wp:term":[{"taxonomy":"category","embeddable":true,"href":"https:\/\/www.bachmann-kunststoff-verpackungen.ch\/fr\/wp-json\/wp\/v2\/categories?post=3922"}],"curies":[{"name":"wp","href":"https:\/\/api.w.org\/{rel}","templated":true}]}}